{"id":7501,"date":"2025-11-13T13:24:15","date_gmt":"2025-11-13T12:24:15","guid":{"rendered":"https:\/\/jsvlogistic.com\/jsv-grubu-ikinci-yeni-nesil-ve-dusuk-emisyonlu-gemisini-satin-aldi\/"},"modified":"2025-11-14T10:20:10","modified_gmt":"2025-11-14T09:20:10","slug":"jsv-grubu-ikinci-yeni-nesil-ve-dusuk-emisyonlu-gemisini-satin-aldi","status":"publish","type":"post","link":"https:\/\/jsvlogistic.com\/tr\/jsv-grubu-ikinci-yeni-nesil-ve-dusuk-emisyonlu-gemisini-satin-aldi\/","title":{"rendered":"JSV Grubu, ikinci yeni nesil ve d\u00fc\u015f\u00fck emisyonlu gemisini sat\u0131n ald\u0131"},"content":{"rendered":"\t\t<div data-elementor-type=\"wp-post\" data-elementor-id=\"7501\" class=\"elementor elementor-7501 elementor-7494\" data-elementor-post-type=\"post\">\n\t\t\t\t<div class=\"elementor-element elementor-element-3077f4f e-con-full e-flex wpr-particle-no wpr-jarallax-no wpr-parallax-no wpr-sticky-section-no e-con e-parent\" data-id=\"3077f4f\" data-element_type=\"container\" data-settings=\"{&quot;jet_parallax_layout_list&quot;:[]}\">\n\t\t<div class=\"elementor-element elementor-element-ec1b485 e-con-full e-flex wpr-particle-no wpr-jarallax-no wpr-parallax-no wpr-sticky-section-no e-con e-child\" data-id=\"ec1b485\" data-element_type=\"container\" data-settings=\"{&quot;jet_parallax_layout_list&quot;:[]}\">\n\t\t\t\t<div class=\"elementor-element elementor-element-4561e81 elementor--h-position-left elementor-widget__width-inherit elementor--v-position-middle elementor-arrows-position-inside elementor-pagination-position-inside elementor-widget elementor-widget-slides\" data-id=\"4561e81\" data-element_type=\"widget\" data-settings=\"{&quot;navigation&quot;:&quot;both&quot;,&quot;autoplay&quot;:&quot;yes&quot;,&quot;pause_on_hover&quot;:&quot;yes&quot;,&quot;pause_on_interaction&quot;:&quot;yes&quot;,&quot;autoplay_speed&quot;:5000,&quot;infinite&quot;:&quot;yes&quot;,&quot;transition&quot;:&quot;slide&quot;,&quot;transition_speed&quot;:500}\" data-widget_type=\"slides.default\">\n\t\t\t\t<div class=\"elementor-widget-container\">\n\t\t\t\t\t\t\t\t\t<div class=\"elementor-swiper\">\n\t\t\t\t\t<div class=\"elementor-slides-wrapper elementor-main-swiper swiper\" role=\"region\" aria-roledescription=\"carousel\" aria-label=\"Diapositivas\" dir=\"ltr\" data-animation=\"fadeInUp\">\n\t\t\t\t<div class=\"swiper-wrapper elementor-slides\">\n\t\t\t\t\t\t\t\t\t\t<div class=\"elementor-repeater-item-4e5cdc8 swiper-slide\" role=\"group\" aria-roledescription=\"slide\"><div class=\"swiper-slide-bg\" role=\"img\" aria-label=\"JSV_Cabeceras_web39\"><\/div><div class=\"swiper-slide-inner\" ><div class=\"swiper-slide-contents\"><\/div><\/div><\/div>\t\t\t\t<\/div>\n\t\t\t\t\t\t\t<\/div>\n\t\t\t\t<\/div>\n\t\t\t\t\t\t\t\t<\/div>\n\t\t\t\t<\/div>\n\t\t\t\t<\/div>\n\t\t\t\t<\/div>\n\t\t<div class=\"elementor-element elementor-element-e7ea6d9 e-flex e-con-boxed wpr-particle-no wpr-jarallax-no wpr-parallax-no wpr-sticky-section-no e-con e-parent\" data-id=\"e7ea6d9\" data-element_type=\"container\" data-settings=\"{&quot;jet_parallax_layout_list&quot;:[]}\">\n\t\t\t\t\t<div class=\"e-con-inner\">\n\t\t<div class=\"elementor-element elementor-element-e89b512 e-flex e-con-boxed wpr-particle-no wpr-jarallax-no wpr-parallax-no wpr-sticky-section-no e-con e-child\" data-id=\"e89b512\" data-element_type=\"container\" data-settings=\"{&quot;jet_parallax_layout_list&quot;:[]}\">\n\t\t\t\t\t<div class=\"e-con-inner\">\n\t\t\t\t<div class=\"elementor-element elementor-element-4ad37532 elementor-widget elementor-widget-theme-post-title elementor-page-title elementor-widget-heading\" data-id=\"4ad37532\" data-element_type=\"widget\" data-widget_type=\"theme-post-title.default\">\n\t\t\t\t<div class=\"elementor-widget-container\">\n\t\t\t\t\t<h1 class=\"elementor-heading-title elementor-size-default\">JSV Grubu, ikinci yeni nesil ve d\u00fc\u015f\u00fck emisyonlu gemisini sat\u0131n ald\u0131<\/h1>\t\t\t\t<\/div>\n\t\t\t\t<\/div>\n\t\t\t\t<div class=\"elementor-element elementor-element-6a86adf6 elementor-align-center elementor-widget elementor-widget-post-info\" data-id=\"6a86adf6\" data-element_type=\"widget\" data-widget_type=\"post-info.default\">\n\t\t\t\t<div class=\"elementor-widget-container\">\n\t\t\t\t\t\t\t<ul class=\"elementor-inline-items elementor-icon-list-items elementor-post-info\">\n\t\t\t\t\t\t\t\t<li class=\"elementor-icon-list-item elementor-repeater-item-7f530f1 elementor-inline-item\" itemprop=\"datePublished\">\n\t\t\t\t\t\t<a href=\"https:\/\/jsvlogistic.com\/tr\/2025\/11\/13\/\">\n\t\t\t\t\t\t\t\t\t\t\t\t\t\t<span class=\"elementor-icon-list-text elementor-post-info__item elementor-post-info__item--type-date\">\n\t\t\t\t\t\t\t\t\t\t<time>13 Kas\u0131m, 2025<\/time>\t\t\t\t\t<\/span>\n\t\t\t\t\t\t\t\t\t<\/a>\n\t\t\t\t<\/li>\n\t\t\t\t<\/ul>\n\t\t\t\t\t\t<\/div>\n\t\t\t\t<\/div>\n\t\t\t\t<div class=\"elementor-element elementor-element-2adb3d72 elementor-widget elementor-widget-theme-post-featured-image elementor-widget-image\" data-id=\"2adb3d72\" data-element_type=\"widget\" data-widget_type=\"theme-post-featured-image.default\">\n\t\t\t\t<div class=\"elementor-widget-container\">\n\t\t\t\t\t\t\t\t\t\t\t\t\t\t\t<img fetchpriority=\"high\" decoding=\"async\" width=\"1536\" height=\"1024\" src=\"https:\/\/jsvlogistic.com\/wp-content\/uploads\/2025\/11\/MirandaGreen_coloresfondo.png\" class=\"attachment-full size-full wp-image-7578\" alt=\"\" srcset=\"https:\/\/jsvlogistic.com\/wp-content\/uploads\/2025\/11\/MirandaGreen_coloresfondo.png 1536w, https:\/\/jsvlogistic.com\/wp-content\/uploads\/2025\/11\/MirandaGreen_coloresfondo-300x200.png 300w, https:\/\/jsvlogistic.com\/wp-content\/uploads\/2025\/11\/MirandaGreen_coloresfondo-1024x683.png 1024w, https:\/\/jsvlogistic.com\/wp-content\/uploads\/2025\/11\/MirandaGreen_coloresfondo-768x512.png 768w\" sizes=\"(max-width: 1536px) 100vw, 1536px\" \/>\t\t\t\t\t\t\t\t\t\t\t\t\t\t\t<\/div>\n\t\t\t\t<\/div>\n\t\t\t\t<div class=\"elementor-element elementor-element-aacd978 elementor-widget elementor-widget-heading\" data-id=\"aacd978\" data-element_type=\"widget\" data-widget_type=\"heading.default\">\n\t\t\t\t<div class=\"elementor-widget-container\">\n\t\t\t\t\t<h2 class=\"elementor-heading-title elementor-size-default\"><p style=\"margin-bottom: 0px;font-style: normal;font-weight: 400;font-size: 11px;line-height: normal;letter-spacing: normal\"><span style=\"font-family: Raleway, sans-serif;font-size: 42px;font-style: inherit;font-weight: 600;letter-spacing: -1px\">JSV ikinci \u201cyeni nesil\u201d ve d\u00fc\u015f\u00fck emisyonlu gemisini sat\u0131n al\u0131yor <\/span><span style=\"font-family: Raleway, sans-serif;font-size: 42px;font-style: inherit;font-weight: 600;letter-spacing: -1px\"><\/span><\/p><\/h2>\t\t\t\t<\/div>\n\t\t\t\t<\/div>\n\t\t\t\t<div class=\"elementor-element elementor-element-7a3dc59 elementor-widget elementor-widget-text-editor\" data-id=\"7a3dc59\" data-element_type=\"widget\" data-widget_type=\"text-editor.default\">\n\t\t\t\t<div class=\"elementor-widget-container\">\n\t\t\t\t\t\t\t\t\t<ul>\r\n \t<li>2026 y\u0131l\u0131nda \u015firket, CO\u2082 emisyonlar\u0131n\u0131 %70\u2019e kadar azaltabilen, modern ve s\u00fcrd\u00fcr\u00fclebilir teknolojiye sahip iki gemiye sahip olacak.<\/li>\r\n \t<li>Bunlar, ayn\u0131 \u00f6zelliklere sahip iki ikiz gemidir. \u0130lk gemi gelecek y\u0131l mart ay\u0131nda, ikincisi ise haziran ay\u0131nda teslim edilecektir.<\/li>\r\n \t<li>JSV Grubu, ge\u00e7en temmuz ay\u0131nda duyurulan Nazca Capital\u2019in giri\u015finin ard\u0131ndan b\u00fcy\u00fcme ve s\u00fcrd\u00fcr\u00fclebilirlik planlar\u0131n\u0131 h\u0131zland\u0131r\u0131yor.<\/li>\r\n<\/ul>\t\t\t\t\t\t\t\t<\/div>\n\t\t\t\t<\/div>\n\t\t\t\t<div class=\"elementor-element elementor-element-73e07bd elementor-widget elementor-widget-text-editor\" data-id=\"73e07bd\" data-element_type=\"widget\" data-widget_type=\"text-editor.default\">\n\t\t\t\t<div class=\"elementor-widget-container\">\n\t\t\t\t\t\t\t\t\t<strong>Ekim 2025.<\/strong><br><br>\u015eirketin kuruldu\u011fu \u015fehre bir sayg\u0131 duru\u015fu olarak \u201cMiranda Green\u201d ad\u0131 verilecek olan yeni gemi, yak\u0131n zamanda sat\u0131n al\u0131nan Mila Green ile tamamen ayn\u0131 \u00f6zelliklere sahip bir karde\u015f gemidir ve ayn\u0131 yat\u0131r\u0131m bedeline sahiptir: 38 milyon euro. Bu \u00f6nemli sat\u0131n alma ile JSV Grubu, 2026 y\u0131l\u0131n\u0131n ikinci yar\u0131s\u0131nda en zorlu \u00e7evre mevzuatlar\u0131na uygun iki gemiye sahip olacakt\u0131r. \u0130lk teslimat\u0131n mart ay\u0131nda, ikincisinin ise haziran ay\u0131nda yap\u0131lmas\u0131 \u00f6ng\u00f6r\u00fcl\u00fcyor.<br><br>\u201cY\u0131llard\u0131r verimlilik ve s\u00fcrd\u00fcr\u00fclebilirlik \u00fczerine \u00e7al\u0131\u015f\u0131yoruz; multimodal \u00e7\u00f6z\u00fcmler sunuyor ve demiryoluna g\u00fc\u00e7l\u00fc bir \u015fekilde yat\u0131r\u0131m yap\u0131yoruz. \u015eimdi ise deniz hatlar\u0131m\u0131zda da \u2018Move to green\u2019 hedefimize ilerliyoruz; \u00e7\u00fcnk\u00fc bu yeni gemiler filomuza \u00e7ok \u00f6nemli bir emisyon azalt\u0131m\u0131 sa\u011flayacak,\u201d diye a\u00e7\u0131kl\u0131yor JSV Grubu CEO\u2019su Sonia Herzog.<br><br>Her iki konteyner gemisi de yakla\u015f\u0131k 1.200 nominal TEU kapasitesine sahiptir, \u00e7ift yak\u0131tl\u0131 bir yanma sistemine sahiptir ve CO\u2082 emisyonlar\u0131n\u0131 %70\u2019e kadar azaltan, ayr\u0131ca s\u00fclf\u00fcr oksitleri, azot oksitlerini ve partik\u00fcl maddeleri neredeyse tamamen ortadan kald\u0131ran s\u0131v\u0131 yak\u0131t metanolle \u00e7al\u0131\u015fmaya haz\u0131rd\u0131r. Ayr\u0131ca her iki gemi de 2030\u2019dan itibaren zorunlu olacak olan limanda elektrik ba\u011flant\u0131s\u0131 yapabilecek teknolojiye sahiptir.<br><br>Bunlara ek olarak, gemiler Pallet Wide High Cube ve 45\u2019 konteyner y\u00fcklemelerini optimize etmek i\u00e7in t\u00fcm pozisyonlarda daha geni\u015f ve y\u00fcksek yap\u0131dad\u0131r ve operasyonlar\u0131 h\u0131zland\u0131ran, yak\u0131n zamanda patente ba\u011flanm\u0131\u015f bir k\u0131lavuz sistemi ile donat\u0131lm\u0131\u015ft\u0131r. T\u00fcm bu \u00f6zellikler, \u015firketin geni\u015f \u00f6zel konteyner \u00e7e\u015fitlili\u011fine uyum sa\u011flamak amac\u0131yla geli\u015ftirilmi\u015ftir.<br><h3>Kad\u0131n isimleri ta\u015f\u0131yan modern gemiler serisi<\/h3><br>JSV, bu yeni gemiye \u015firketin 30 y\u0131l\u0131 a\u015fk\u0131n s\u00fcre \u00f6nce kuruldu\u011fu \u015fehre bir sayg\u0131 duru\u015fu olarak \u201cMiranda Green\u201d ad\u0131n\u0131 verdi.<br><br>Bu \u015fekilde, kurucunun e\u015finin onuruna ad\u0131 verilen ilk gemi \u201cMila Green\u201d ile ba\u015flayan Green serisi devam etmi\u015f oluyor. Ayr\u0131ca, \u015firketin \u201cJSV Move to green\u201d mottosunun yans\u0131tt\u0131\u011f\u0131 \u00e7evresel s\u00fcrd\u00fcr\u00fclebilirlik taahh\u00fcd\u00fcn\u00fcn yan\u0131 s\u0131ra, iki kad\u0131n ismi se\u00e7ilmesi, hem \u015firkette hem de sekt\u00f6rde kad\u0131nlar\u0131n belirleyici rol\u00fcn\u00fc sembolize ediyor.<br><br>JSV, bu yeni geminin, hem \u00e7evresel hem de kurumsal s\u00fcrd\u00fcr\u00fclebilirlik odakl\u0131 S\u00fcrd\u00fcr\u00fclebilirlik Plan\u0131 kapsam\u0131nda \u00e7ok \u00f6nemli bir d\u00f6n\u00fcm noktas\u0131 oldu\u011funu vurguluyor. Tam da b\u00fcy\u00fcme ve uluslararas\u0131 geni\u015fleme planlar\u0131n\u0131 h\u0131zland\u0131rmak amac\u0131yla JSV ge\u00e7en Temmuz ay\u0131nda Nazca Capital\u2019in stratejik ortak olarak \u015firkete giri\u015fini duyurmu\u015ftu. Bu ortakl\u0131kta Herzog ailesi y\u00f6netimin ba\u015f\u0131nda kalmaya devam ediyor ve Sonia Herzog JSV\u2019nin CEO\u2019su olarak g\u00f6revini s\u00fcrd\u00fcr\u00fcyor.<br><h3>JSV Hakk\u0131nda<\/h3><br>JSV, kurulu\u015fundan bu yana \u00f6zel \u00e7\u00f6z\u00fcmler ve \u00f6zel konteynerlerdeki yenilikleriyle ve t\u00fcm lojistik zincirinin a\u015famalar\u0131nda do\u011frudan kontrol sunan h\u0131zl\u0131 ve verimli hizmetiyle \u00f6ne \u00e7\u0131km\u0131\u015ft\u0131r. \u015eirket, 1994 y\u0131l\u0131nda deniz ta\u015f\u0131mac\u0131l\u0131\u011f\u0131 ve Kanarya Adalar\u0131\u2019nda patentli ilk konteynerlerle faaliyetlerine ba\u015flam\u0131\u015f, ayr\u0131ca kuru y\u00fck ve s\u0131cakl\u0131k kontroll\u00fc lojistik i\u00e7in modern tesislere yat\u0131r\u0131m yapm\u0131\u015ft\u0131r.<br><br>Daha sonra multimodal stratejisi ve s\u00fcrd\u00fcr\u00fclebilirlik plan\u0131 kapsam\u0131nda, demiryolu ba\u011flant\u0131lar\u0131n\u0131 geni\u015fletmek ve karbon ayak izini azaltmak i\u00e7in kuzeydeki TCM (Miranda Konteyner Terminali) demiryolu terminali ve kuru liman\u0131na 7 milyon eurodan fazla yat\u0131r\u0131m yapm\u0131\u015ft\u0131r. Ayn\u0131 do\u011frultuda, Ekim 2023\u2019te Alicante Liman Merkezi\u2019ni\u201470.000 metrekarenin \u00fczerinde kendi terminalini\u201412 milyon euro ba\u015flang\u0131\u00e7 yat\u0131r\u0131m\u0131yla devreye alm\u0131\u015f, b\u00f6ylece grup hizmetlerini entegre etmi\u015f ve verimli, s\u00fcrd\u00fcr\u00fclebilir multimodal ba\u011flant\u0131lar i\u00e7in \u00f6nemli bir merkez olu\u015fturmu\u015ftur.<br><br>G\u00fcn\u00fcm\u00fczde JSV, Kanarya Adalar\u0131\u2019na y\u00f6nelik ekspres ve d\u00fczenli hatlarda lider deniz ta\u015f\u0131mac\u0131l\u0131\u011f\u0131 hizmet sa\u011flay\u0131c\u0131s\u0131d\u0131r ve ayn\u0131 zamanda T\u00fcrkiye\u2019de de kamyon h\u0131z\u0131nda, ayn\u0131 kapasiteyle ancak daha d\u00fc\u015f\u00fck emisyonla hizmet veren i\u015f modelini ba\u015far\u0131yla g\u00fc\u00e7lendirmi\u015ftir.\t\t\t\t\t\t\t\t<\/div>\n\t\t\t\t<\/div>\n\t\t\t\t<div class=\"elementor-element elementor-element-50120120 elementor-widget elementor-widget-post-navigation\" data-id=\"50120120\" data-element_type=\"widget\" data-widget_type=\"post-navigation.default\">\n\t\t\t\t<div class=\"elementor-widget-container\">\n\t\t\t\t\t\t\t<div class=\"elementor-post-navigation\" role=\"navigation\" aria-label=\"Post Navigation\">\n\t\t\t<div class=\"elementor-post-navigation__prev elementor-post-navigation__link\">\n\t\t\t\t<a href=\"https:\/\/jsvlogistic.com\/tr\/deniz-ihracati-ve-ithalati-icin-belge-gereklilikleri-2025-pratik-rehberi\/\" rel=\"prev\"><span class=\"post-navigation__arrow-wrapper post-navigation__arrow-prev\"><svg aria-hidden=\"true\" class=\"e-font-icon-svg e-fas-chevron-circle-left\" viewBox=\"0 0 512 512\" xmlns=\"http:\/\/www.w3.org\/2000\/svg\"><path d=\"M256 504C119 504 8 393 8 256S119 8 256 8s248 111 248 248-111 248-248 248zM142.1 273l135.5 135.5c9.4 9.4 24.6 9.4 33.9 0l17-17c9.4-9.4 9.4-24.6 0-33.9L226.9 256l101.6-101.6c9.4-9.4 9.4-24.6 0-33.9l-17-17c-9.4-9.4-24.6-9.4-33.9 0L142.1 239c-9.4 9.4-9.4 24.6 0 34z\"><\/path><\/svg><span class=\"elementor-screen-only\">Prev<\/span><\/span><span class=\"elementor-post-navigation__link__prev\"><span class=\"post-navigation__prev--label\">\u00d6nceki<\/span><\/span><\/a>\t\t\t<\/div>\n\t\t\t\t\t\t<div class=\"elementor-post-navigation__next elementor-post-navigation__link\">\n\t\t\t\t<a href=\"https:\/\/jsvlogistic.com\/tr\/deniz-tasimaciliginda-surdurulebilirlikte-kuresel-trendler\/\" rel=\"next\"><span class=\"elementor-post-navigation__link__next\"><span class=\"post-navigation__next--label\">Takip etme<\/span><\/span><span class=\"post-navigation__arrow-wrapper post-navigation__arrow-next\"><svg aria-hidden=\"true\" class=\"e-font-icon-svg e-fas-chevron-circle-right\" viewBox=\"0 0 512 512\" xmlns=\"http:\/\/www.w3.org\/2000\/svg\"><path d=\"M256 8c137 0 248 111 248 248S393 504 256 504 8 393 8 256 119 8 256 8zm113.9 231L234.4 103.5c-9.4-9.4-24.6-9.4-33.9 0l-17 17c-9.4 9.4-9.4 24.6 0 33.9L285.1 256 183.5 357.6c-9.4 9.4-9.4 24.6 0 33.9l17 17c9.4 9.4 24.6 9.4 33.9 0L369.9 273c9.4-9.4 9.4-24.6 0-34z\"><\/path><\/svg><span class=\"elementor-screen-only\">Next<\/span><\/span><\/a>\t\t\t<\/div>\n\t\t<\/div>\n\t\t\t\t\t\t<\/div>\n\t\t\t\t<\/div>\n\t\t<div class=\"elementor-element elementor-element-2d99b35f e-con-full e-flex wpr-particle-no wpr-jarallax-no wpr-parallax-no wpr-sticky-section-no e-con e-child\" data-id=\"2d99b35f\" data-element_type=\"container\" data-settings=\"{&quot;jet_parallax_layout_list&quot;:[]}\">\n\t\t\t\t<div class=\"elementor-element elementor-element-5502be84 elementor-widget elementor-widget-heading\" data-id=\"5502be84\" data-element_type=\"widget\" data-widget_type=\"heading.default\">\n\t\t\t\t<div class=\"elementor-widget-container\">\n\t\t\t\t\t<span class=\"elementor-heading-title elementor-size-default\">Bu haberi payla\u015f\u0131n:<\/span>\t\t\t\t<\/div>\n\t\t\t\t<\/div>\n\t\t\t\t<div class=\"elementor-element elementor-element-1b79e543 elementor-share-buttons--view-icon elementor-share-buttons--skin-minimal elementor-share-buttons--color-custom elementor-share-buttons--shape-square elementor-grid-0 elementor-widget elementor-widget-share-buttons\" data-id=\"1b79e543\" data-element_type=\"widget\" data-widget_type=\"share-buttons.default\">\n\t\t\t\t<div class=\"elementor-widget-container\">\n\t\t\t\t\t\t\t<div class=\"elementor-grid\" role=\"list\">\n\t\t\t\t\t\t\t\t<div class=\"elementor-grid-item\" role=\"listitem\">\n\t\t\t\t\t\t<div class=\"elementor-share-btn elementor-share-btn_facebook\" role=\"button\" tabindex=\"0\" aria-label=\"Share on facebook\">\n\t\t\t\t\t\t\t\t\t\t\t\t\t\t\t<span class=\"elementor-share-btn__icon\">\n\t\t\t\t\t\t\t\t<svg aria-hidden=\"true\" class=\"e-font-icon-svg e-fab-facebook\" viewBox=\"0 0 512 512\" xmlns=\"http:\/\/www.w3.org\/2000\/svg\"><path d=\"M504 256C504 119 393 8 256 8S8 119 8 256c0 123.78 90.69 226.38 209.25 245V327.69h-63V256h63v-54.64c0-62.15 37-96.48 93.67-96.48 27.14 0 55.52 4.84 55.52 4.84v61h-31.28c-30.8 0-40.41 19.12-40.41 38.73V256h68.78l-11 71.69h-57.78V501C413.31 482.38 504 379.78 504 256z\"><\/path><\/svg>\t\t\t\t\t\t\t<\/span>\n\t\t\t\t\t\t\t\t\t\t\t\t\t\t\t\t\t\t\t\t<\/div>\n\t\t\t\t\t<\/div>\n\t\t\t\t\t\t\t\t\t<div class=\"elementor-grid-item\" role=\"listitem\">\n\t\t\t\t\t\t<div class=\"elementor-share-btn elementor-share-btn_x-twitter\" role=\"button\" tabindex=\"0\" aria-label=\"Share on x-twitter\">\n\t\t\t\t\t\t\t\t\t\t\t\t\t\t\t<span class=\"elementor-share-btn__icon\">\n\t\t\t\t\t\t\t\t<svg aria-hidden=\"true\" class=\"e-font-icon-svg e-fab-x-twitter\" viewBox=\"0 0 512 512\" xmlns=\"http:\/\/www.w3.org\/2000\/svg\"><path d=\"M389.2 48h70.6L305.6 224.2 487 464H345L233.7 318.6 106.5 464H35.8L200.7 275.5 26.8 48H172.4L272.9 180.9 389.2 48zM364.4 421.8h39.1L151.1 88h-42L364.4 421.8z\"><\/path><\/svg>\t\t\t\t\t\t\t<\/span>\n\t\t\t\t\t\t\t\t\t\t\t\t\t\t\t\t\t\t\t\t<\/div>\n\t\t\t\t\t<\/div>\n\t\t\t\t\t\t\t\t\t<div class=\"elementor-grid-item\" role=\"listitem\">\n\t\t\t\t\t\t<div class=\"elementor-share-btn elementor-share-btn_linkedin\" role=\"button\" tabindex=\"0\" aria-label=\"Share on linkedin\">\n\t\t\t\t\t\t\t\t\t\t\t\t\t\t\t<span class=\"elementor-share-btn__icon\">\n\t\t\t\t\t\t\t\t<svg aria-hidden=\"true\" class=\"e-font-icon-svg e-fab-linkedin\" viewBox=\"0 0 448 512\" xmlns=\"http:\/\/www.w3.org\/2000\/svg\"><path d=\"M416 32H31.9C14.3 32 0 46.5 0 64.3v383.4C0 465.5 14.3 480 31.9 480H416c17.6 0 32-14.5 32-32.3V64.3c0-17.8-14.4-32.3-32-32.3zM135.4 416H69V202.2h66.5V416zm-33.2-243c-21.3 0-38.5-17.3-38.5-38.5S80.9 96 102.2 96c21.2 0 38.5 17.3 38.5 38.5 0 21.3-17.2 38.5-38.5 38.5zm282.1 243h-66.4V312c0-24.8-.5-56.7-34.5-56.7-34.6 0-39.9 27-39.9 54.9V416h-66.4V202.2h63.7v29.2h.9c8.9-16.8 30.6-34.5 62.9-34.5 67.2 0 79.7 44.3 79.7 101.9V416z\"><\/path><\/svg>\t\t\t\t\t\t\t<\/span>\n\t\t\t\t\t\t\t\t\t\t\t\t\t\t\t\t\t\t\t\t<\/div>\n\t\t\t\t\t<\/div>\n\t\t\t\t\t\t<\/div>\n\t\t\t\t\t\t<\/div>\n\t\t\t\t<\/div>\n\t\t\t\t<\/div>\n\t\t<div class=\"elementor-element elementor-element-4edabf4 e-con-full e-flex wpr-particle-no wpr-jarallax-no wpr-parallax-no wpr-sticky-section-no e-con e-child\" data-id=\"4edabf4\" data-element_type=\"container\" data-settings=\"{&quot;jet_parallax_layout_list&quot;:[]}\">\n\t\t\t\t<div class=\"elementor-element elementor-element-39983f8f elementor-widget elementor-widget-heading\" data-id=\"39983f8f\" data-element_type=\"widget\" data-widget_type=\"heading.default\">\n\t\t\t\t<div class=\"elementor-widget-container\">\n\t\t\t\t\t<h2 class=\"elementor-heading-title elementor-size-default\">\u0130lgili haberler<\/h2>\t\t\t\t<\/div>\n\t\t\t\t<\/div>\n\t\t\t\t<div class=\"elementor-element elementor-element-2c6d8c54 elementor-posts__hover-none elementor-grid-3 elementor-grid-tablet-2 elementor-grid-mobile-1 elementor-posts--thumbnail-top elementor-widget elementor-widget-posts\" data-id=\"2c6d8c54\" data-element_type=\"widget\" data-settings=\"{&quot;cards_row_gap&quot;:{&quot;unit&quot;:&quot;px&quot;,&quot;size&quot;:80,&quot;sizes&quot;:[]},&quot;cards_row_gap_tablet&quot;:{&quot;unit&quot;:&quot;px&quot;,&quot;size&quot;:71,&quot;sizes&quot;:[]},&quot;cards_row_gap_mobile&quot;:{&quot;unit&quot;:&quot;px&quot;,&quot;size&quot;:30,&quot;sizes&quot;:[]},&quot;cards_columns&quot;:&quot;3&quot;,&quot;cards_columns_tablet&quot;:&quot;2&quot;,&quot;cards_columns_mobile&quot;:&quot;1&quot;}\" data-widget_type=\"posts.cards\">\n\t\t\t\t<div class=\"elementor-widget-container\">\n\t\t\t\t\t\t\t<div class=\"elementor-posts-container elementor-posts elementor-posts--skin-cards elementor-grid\" role=\"list\">\n\t\t\t\t<article class=\"elementor-post elementor-grid-item post-7636 post type-post status-publish format-standard has-post-thumbnail hentry category-blog-tr\" role=\"listitem\">\n\t\t\t<div class=\"elementor-post__card\">\n\t\t\t\t<a class=\"elementor-post__thumbnail__link\" href=\"https:\/\/jsvlogistic.com\/tr\/demiryolu-tasimaciligi-vs-karayolu-tasimaciligi-yukunuz-icin-kapsamli-karsilastirma\/\" tabindex=\"-1\" ><div class=\"elementor-post__thumbnail\"><img decoding=\"async\" width=\"2560\" height=\"1429\" src=\"https:\/\/jsvlogistic.com\/wp-content\/uploads\/2026\/04\/comparativa-entre-transprote-ferroviario-y-por-carretera-scaled.jpg\" class=\"attachment-full size-full wp-image-7629\" alt=\"comparativa entre transprote ferroviario y por carretera\" srcset=\"https:\/\/jsvlogistic.com\/wp-content\/uploads\/2026\/04\/comparativa-entre-transprote-ferroviario-y-por-carretera-scaled.jpg 2560w, https:\/\/jsvlogistic.com\/wp-content\/uploads\/2026\/04\/comparativa-entre-transprote-ferroviario-y-por-carretera-300x167.jpg 300w, https:\/\/jsvlogistic.com\/wp-content\/uploads\/2026\/04\/comparativa-entre-transprote-ferroviario-y-por-carretera-1024x572.jpg 1024w, https:\/\/jsvlogistic.com\/wp-content\/uploads\/2026\/04\/comparativa-entre-transprote-ferroviario-y-por-carretera-768x429.jpg 768w, https:\/\/jsvlogistic.com\/wp-content\/uploads\/2026\/04\/comparativa-entre-transprote-ferroviario-y-por-carretera-1536x857.jpg 1536w, https:\/\/jsvlogistic.com\/wp-content\/uploads\/2026\/04\/comparativa-entre-transprote-ferroviario-y-por-carretera-2048x1143.jpg 2048w\" sizes=\"(max-width: 2560px) 100vw, 2560px\" \/><\/div><\/a>\n\t\t\t\t<div class=\"elementor-post__text\">\n\t\t\t\t<h4 class=\"elementor-post__title\">\n\t\t\t<a href=\"https:\/\/jsvlogistic.com\/tr\/demiryolu-tasimaciligi-vs-karayolu-tasimaciligi-yukunuz-icin-kapsamli-karsilastirma\/\" >\n\t\t\t\tDemiryolu ta\u015f\u0131mac\u0131l\u0131\u011f\u0131 vs karayolu ta\u015f\u0131mac\u0131l\u0131\u011f\u0131: y\u00fck\u00fcn\u00fcz i\u00e7in kapsaml\u0131 kar\u015f\u0131la\u015ft\u0131rma\t\t\t<\/a>\n\t\t<\/h4>\n\t\t\t\t<div class=\"elementor-post__excerpt\">\n\t\t\t<p>Demiryolu ve karayolu ta\u015f\u0131mac\u0131l\u0131\u011f\u0131 kar\u015f\u0131la\u015ft\u0131rmas\u0131: maliyetler, transit s\u00fcreleri, karbon ayak izi ve hangi durumda hangi y\u00f6ntemin tercih edilmesi gerekti\u011fi.<\/p>\n\t\t<\/div>\n\t\t\n\t\t<a class=\"elementor-post__read-more\" href=\"https:\/\/jsvlogistic.com\/tr\/demiryolu-tasimaciligi-vs-karayolu-tasimaciligi-yukunuz-icin-kapsamli-karsilastirma\/\" aria-label=\"Read more about Demiryolu ta\u015f\u0131mac\u0131l\u0131\u011f\u0131 vs karayolu ta\u015f\u0131mac\u0131l\u0131\u011f\u0131: y\u00fck\u00fcn\u00fcz i\u00e7in kapsaml\u0131 kar\u015f\u0131la\u015ft\u0131rma\" tabindex=\"-1\" >\n\t\t\tDevam\u0131n\u0131 oku\t\t<\/a>\n\n\t\t\t\t<\/div>\n\t\t\t\t\t<\/div>\n\t\t<\/article>\n\t\t\t\t<article class=\"elementor-post elementor-grid-item post-7624 post type-post status-publish format-standard has-post-thumbnail hentry category-blog-tr\" role=\"listitem\">\n\t\t\t<div class=\"elementor-post__card\">\n\t\t\t\t<a class=\"elementor-post__thumbnail__link\" href=\"https:\/\/jsvlogistic.com\/tr\/karayolu-tasimaciliginda-hassas-yukler-nasil-yonetilir\/\" tabindex=\"-1\" ><div class=\"elementor-post__thumbnail\"><img decoding=\"async\" width=\"2560\" height=\"1429\" src=\"https:\/\/jsvlogistic.com\/wp-content\/uploads\/2026\/04\/persona-cargando-carga-para-transporte-terreste-scaled.jpg\" class=\"attachment-full size-full wp-image-7616\" alt=\"persona cargando carga para transporte terreste\" srcset=\"https:\/\/jsvlogistic.com\/wp-content\/uploads\/2026\/04\/persona-cargando-carga-para-transporte-terreste-scaled.jpg 2560w, https:\/\/jsvlogistic.com\/wp-content\/uploads\/2026\/04\/persona-cargando-carga-para-transporte-terreste-300x167.jpg 300w, https:\/\/jsvlogistic.com\/wp-content\/uploads\/2026\/04\/persona-cargando-carga-para-transporte-terreste-1024x572.jpg 1024w, https:\/\/jsvlogistic.com\/wp-content\/uploads\/2026\/04\/persona-cargando-carga-para-transporte-terreste-768x429.jpg 768w, https:\/\/jsvlogistic.com\/wp-content\/uploads\/2026\/04\/persona-cargando-carga-para-transporte-terreste-1536x857.jpg 1536w, https:\/\/jsvlogistic.com\/wp-content\/uploads\/2026\/04\/persona-cargando-carga-para-transporte-terreste-2048x1143.jpg 2048w\" sizes=\"(max-width: 2560px) 100vw, 2560px\" \/><\/div><\/a>\n\t\t\t\t<div class=\"elementor-post__text\">\n\t\t\t\t<h4 class=\"elementor-post__title\">\n\t\t\t<a href=\"https:\/\/jsvlogistic.com\/tr\/karayolu-tasimaciliginda-hassas-yukler-nasil-yonetilir\/\" >\n\t\t\t\tKarayolu ta\u015f\u0131mac\u0131l\u0131\u011f\u0131nda hassas y\u00fckler nas\u0131l y\u00f6netilir\t\t\t<\/a>\n\t\t<\/h4>\n\t\t\t\t<div class=\"elementor-post__excerpt\">\n\t\t\t<p>Karayolu ta\u015f\u0131mac\u0131l\u0131\u011f\u0131nda hassas y\u00fcklerin y\u00f6netimi i\u00e7in pratik rehber: ambalaj, malzemeler, temel ad\u0131mlar ve ka\u00e7\u0131n\u0131lmas\u0131 gereken hatalar. JSV Logistic\u2019in uzman \u00e7\u00f6z\u00fcmleri.<\/p>\n\t\t<\/div>\n\t\t\n\t\t<a class=\"elementor-post__read-more\" href=\"https:\/\/jsvlogistic.com\/tr\/karayolu-tasimaciliginda-hassas-yukler-nasil-yonetilir\/\" aria-label=\"Read more about Karayolu ta\u015f\u0131mac\u0131l\u0131\u011f\u0131nda hassas y\u00fckler nas\u0131l y\u00f6netilir\" tabindex=\"-1\" >\n\t\t\tDevam\u0131n\u0131 oku\t\t<\/a>\n\n\t\t\t\t<\/div>\n\t\t\t\t\t<\/div>\n\t\t<\/article>\n\t\t\t\t<\/div>\n\t\t\n\t\t\t\t\t\t<\/div>\n\t\t\t\t<\/div>\n\t\t\t\t<\/div>\n\t\t\t\t\t<\/div>\n\t\t\t\t<\/div>\n\t\t\t\t\t<\/div>\n\t\t\t\t<\/div>\n\t\t\t\t<\/div>\n\t\t","protected":false},"excerpt":{"rendered":"<p>JSV Grubu, ikinci yeni nesil ve d\u00fc\u015f\u00fck emisyonlu gemisini sat\u0131n ald\u0131<\/p>\n","protected":false},"author":4,"featured_media":7578,"comment_status":"closed","ping_status":"open","sticky":false,"template":"elementor_header_footer","format":"standard","meta":{"_acf_changed":false,"site-sidebar-layout":"default","site-content-layout":"","ast-site-content-layout":"","site-content-style":"default","site-sidebar-style":"default","ast-global-header-display":"","ast-banner-title-visibility":"","ast-main-header-display":"","ast-hfb-above-header-display":"","ast-hfb-below-header-display":"","ast-hfb-mobile-header-display":"","site-post-title":"","ast-breadcrumbs-content":"","ast-featured-img":"","footer-sml-layout":"","theme-transparent-header-meta":"","adv-header-id-meta":"","stick-header-meta":"","header-above-stick-meta":"","header-main-stick-meta":"","header-below-stick-meta":"","astra-migrate-meta-layouts":"default","ast-page-background-enabled":"default","ast-page-background-meta":{"desktop":{"background-color":"var(--ast-global-color-5)","background-image":"","background-repeat":"repeat","background-position":"center center","background-size":"auto","background-attachment":"scroll","background-type":"","background-media":"","overlay-type":"","overlay-color":"","overlay-opacity":"","overlay-gradient":""},"tablet":{"background-color":"","background-image":"","background-repeat":"repeat","background-position":"center center","background-size":"auto","background-attachment":"scroll","background-type":"","background-media":"","overlay-type":"","overlay-color":"","overlay-opacity":"","overlay-gradient":""},"mobile":{"background-color":"","background-image":"","background-repeat":"repeat","background-position":"center center","background-size":"auto","background-attachment":"scroll","background-type":"","background-media":"","overlay-type":"","overlay-color":"","overlay-opacity":"","overlay-gradient":""}},"ast-content-background-meta":{"desktop":{"background-color":"var(--ast-global-color-4)","background-image":"","background-repeat":"repeat","background-position":"center center","background-size":"auto","background-attachment":"scroll","background-type":"","background-media":"","overlay-type":"","overlay-color":"","overlay-opacity":"","overlay-gradient":""},"tablet":{"background-color":"var(--ast-global-color-4)","background-image":"","background-repeat":"repeat","background-position":"center center","background-size":"auto","background-attachment":"scroll","background-type":"","background-media":"","overlay-type":"","overlay-color":"","overlay-opacity":"","overlay-gradient":""},"mobile":{"background-color":"var(--ast-global-color-4)","background-image":"","background-repeat":"repeat","background-position":"center center","background-size":"auto","background-attachment":"scroll","background-type":"","background-media":"","overlay-type":"","overlay-color":"","overlay-opacity":"","overlay-gradient":""}},"footnotes":""},"categories":[44,32],"tags":[],"class_list":["post-7501","post","type-post","status-publish","format-standard","has-post-thumbnail","hentry","category-ana-sayfa-one-cikanlar","category-jsv-tr"],"acf":[],"yoast_head":"<!-- This site is optimized with the Yoast SEO plugin v27.5 - https:\/\/yoast.com\/product\/yoast-seo-wordpress\/ -->\n<title>JSV Grubu ikinci yeni nesil gemisini sat\u0131n ald\u0131<\/title>\n<meta name=\"description\" content=\"S\u00fcrd\u00fcr\u00fclebilirli\u011fe olan ba\u011fl\u0131l\u0131\u011f\u0131m\u0131z do\u011frultusunda, filomuza ikinci yeni nesil ve d\u00fc\u015f\u00fck emisyonlu gemiyi dahil ettik.\" \/>\n<meta name=\"robots\" content=\"noindex, follow\" \/>\n<meta property=\"og:locale\" content=\"tr_TR\" \/>\n<meta property=\"og:type\" content=\"article\" \/>\n<meta property=\"og:title\" content=\"JSV Grubu ikinci yeni nesil gemisini sat\u0131n ald\u0131\" \/>\n<meta property=\"og:description\" content=\"S\u00fcrd\u00fcr\u00fclebilirli\u011fe olan ba\u011fl\u0131l\u0131\u011f\u0131m\u0131z do\u011frultusunda, filomuza ikinci yeni nesil ve d\u00fc\u015f\u00fck emisyonlu gemiyi dahil ettik.\" \/>\n<meta property=\"og:url\" content=\"https:\/\/jsvlogistic.com\/tr\/jsv-grubu-ikinci-yeni-nesil-ve-dusuk-emisyonlu-gemisini-satin-aldi\/\" \/>\n<meta property=\"og:site_name\" content=\"Grupo JSV - Move to Green\" \/>\n<meta property=\"article:published_time\" content=\"2025-11-13T12:24:15+00:00\" \/>\n<meta property=\"article:modified_time\" content=\"2025-11-14T09:20:10+00:00\" \/>\n<meta property=\"og:image\" content=\"http:\/\/jsvlogistic.com\/wp-content\/uploads\/2025\/11\/MirandaGreen_coloresfondo-1024x683.png\" \/>\n\t<meta property=\"og:image:width\" content=\"1024\" \/>\n\t<meta property=\"og:image:height\" content=\"683\" \/>\n\t<meta property=\"og:image:type\" content=\"image\/png\" \/>\n<meta name=\"author\" content=\"Marc Domenech\" \/>\n<meta name=\"twitter:card\" content=\"summary_large_image\" \/>\n<meta name=\"twitter:label1\" content=\"Yazan:\" \/>\n\t<meta name=\"twitter:data1\" content=\"Marc Domenech\" \/>\n\t<meta name=\"twitter:label2\" content=\"Tahmini okuma s\u00fcresi\" \/>\n\t<meta name=\"twitter:data2\" content=\"4 dakika\" \/>\n<script type=\"application\/ld+json\" class=\"yoast-schema-graph\">{\"@context\":\"https:\\\/\\\/schema.org\",\"@graph\":[{\"@type\":\"Article\",\"@id\":\"https:\\\/\\\/jsvlogistic.com\\\/tr\\\/jsv-grubu-ikinci-yeni-nesil-ve-dusuk-emisyonlu-gemisini-satin-aldi\\\/#article\",\"isPartOf\":{\"@id\":\"https:\\\/\\\/jsvlogistic.com\\\/tr\\\/jsv-grubu-ikinci-yeni-nesil-ve-dusuk-emisyonlu-gemisini-satin-aldi\\\/\"},\"author\":{\"name\":\"Marc Domenech\",\"@id\":\"https:\\\/\\\/jsvlogistic.com\\\/tr\\\/#\\\/schema\\\/person\\\/6b53a8c4956403635c47d4a5abcaea8a\"},\"headline\":\"JSV Grubu, ikinci yeni nesil ve d\u00fc\u015f\u00fck emisyonlu gemisini sat\u0131n ald\u0131\",\"datePublished\":\"2025-11-13T12:24:15+00:00\",\"dateModified\":\"2025-11-14T09:20:10+00:00\",\"mainEntityOfPage\":{\"@id\":\"https:\\\/\\\/jsvlogistic.com\\\/tr\\\/jsv-grubu-ikinci-yeni-nesil-ve-dusuk-emisyonlu-gemisini-satin-aldi\\\/\"},\"wordCount\":800,\"publisher\":{\"@id\":\"https:\\\/\\\/jsvlogistic.com\\\/tr\\\/#organization\"},\"image\":{\"@id\":\"https:\\\/\\\/jsvlogistic.com\\\/tr\\\/jsv-grubu-ikinci-yeni-nesil-ve-dusuk-emisyonlu-gemisini-satin-aldi\\\/#primaryimage\"},\"thumbnailUrl\":\"https:\\\/\\\/jsvlogistic.com\\\/wp-content\\\/uploads\\\/2025\\\/11\\\/MirandaGreen_coloresfondo.png\",\"articleSection\":[\"Ana sayfa \u00f6ne \u00e7\u0131kanlar\",\"JSV\"],\"inLanguage\":\"tr\"},{\"@type\":\"WebPage\",\"@id\":\"https:\\\/\\\/jsvlogistic.com\\\/tr\\\/jsv-grubu-ikinci-yeni-nesil-ve-dusuk-emisyonlu-gemisini-satin-aldi\\\/\",\"url\":\"https:\\\/\\\/jsvlogistic.com\\\/tr\\\/jsv-grubu-ikinci-yeni-nesil-ve-dusuk-emisyonlu-gemisini-satin-aldi\\\/\",\"name\":\"JSV Grubu ikinci yeni nesil gemisini sat\u0131n ald\u0131\",\"isPartOf\":{\"@id\":\"https:\\\/\\\/jsvlogistic.com\\\/tr\\\/#website\"},\"primaryImageOfPage\":{\"@id\":\"https:\\\/\\\/jsvlogistic.com\\\/tr\\\/jsv-grubu-ikinci-yeni-nesil-ve-dusuk-emisyonlu-gemisini-satin-aldi\\\/#primaryimage\"},\"image\":{\"@id\":\"https:\\\/\\\/jsvlogistic.com\\\/tr\\\/jsv-grubu-ikinci-yeni-nesil-ve-dusuk-emisyonlu-gemisini-satin-aldi\\\/#primaryimage\"},\"thumbnailUrl\":\"https:\\\/\\\/jsvlogistic.com\\\/wp-content\\\/uploads\\\/2025\\\/11\\\/MirandaGreen_coloresfondo.png\",\"datePublished\":\"2025-11-13T12:24:15+00:00\",\"dateModified\":\"2025-11-14T09:20:10+00:00\",\"description\":\"S\u00fcrd\u00fcr\u00fclebilirli\u011fe olan ba\u011fl\u0131l\u0131\u011f\u0131m\u0131z do\u011frultusunda, filomuza ikinci yeni nesil ve d\u00fc\u015f\u00fck emisyonlu gemiyi dahil ettik.\",\"breadcrumb\":{\"@id\":\"https:\\\/\\\/jsvlogistic.com\\\/tr\\\/jsv-grubu-ikinci-yeni-nesil-ve-dusuk-emisyonlu-gemisini-satin-aldi\\\/#breadcrumb\"},\"inLanguage\":\"tr\",\"potentialAction\":[{\"@type\":\"ReadAction\",\"target\":[\"https:\\\/\\\/jsvlogistic.com\\\/tr\\\/jsv-grubu-ikinci-yeni-nesil-ve-dusuk-emisyonlu-gemisini-satin-aldi\\\/\"]}]},{\"@type\":\"ImageObject\",\"inLanguage\":\"tr\",\"@id\":\"https:\\\/\\\/jsvlogistic.com\\\/tr\\\/jsv-grubu-ikinci-yeni-nesil-ve-dusuk-emisyonlu-gemisini-satin-aldi\\\/#primaryimage\",\"url\":\"https:\\\/\\\/jsvlogistic.com\\\/wp-content\\\/uploads\\\/2025\\\/11\\\/MirandaGreen_coloresfondo.png\",\"contentUrl\":\"https:\\\/\\\/jsvlogistic.com\\\/wp-content\\\/uploads\\\/2025\\\/11\\\/MirandaGreen_coloresfondo.png\",\"width\":1536,\"height\":1024},{\"@type\":\"BreadcrumbList\",\"@id\":\"https:\\\/\\\/jsvlogistic.com\\\/tr\\\/jsv-grubu-ikinci-yeni-nesil-ve-dusuk-emisyonlu-gemisini-satin-aldi\\\/#breadcrumb\",\"itemListElement\":[{\"@type\":\"ListItem\",\"position\":1,\"name\":\"Home\",\"item\":\"https:\\\/\\\/jsvlogistic.com\\\/tr\\\/\"},{\"@type\":\"ListItem\",\"position\":2,\"name\":\"JSV Grubu, ikinci yeni nesil ve d\u00fc\u015f\u00fck emisyonlu gemisini sat\u0131n ald\u0131\"}]},{\"@type\":\"WebSite\",\"@id\":\"https:\\\/\\\/jsvlogistic.com\\\/tr\\\/#website\",\"url\":\"https:\\\/\\\/jsvlogistic.com\\\/tr\\\/\",\"name\":\"Grupo JSV - Move to Green\",\"description\":\"JSV es el operador log\u00edstico y de transporte multimodal que mejor se adapta a lo que necesitas. Hacemos el servicio puerta a puerta de forma integral, con recursos propios en todas las fases, y te damos siempre la soluci\u00f3n personalizada m\u00e1s eficiente y sostenible.\",\"publisher\":{\"@id\":\"https:\\\/\\\/jsvlogistic.com\\\/tr\\\/#organization\"},\"potentialAction\":[{\"@type\":\"SearchAction\",\"target\":{\"@type\":\"EntryPoint\",\"urlTemplate\":\"https:\\\/\\\/jsvlogistic.com\\\/tr\\\/?s={search_term_string}\"},\"query-input\":{\"@type\":\"PropertyValueSpecification\",\"valueRequired\":true,\"valueName\":\"search_term_string\"}}],\"inLanguage\":\"tr\"},{\"@type\":\"Organization\",\"@id\":\"https:\\\/\\\/jsvlogistic.com\\\/tr\\\/#organization\",\"name\":\"Grupo JSV - Move to Green\",\"url\":\"https:\\\/\\\/jsvlogistic.com\\\/tr\\\/\",\"logo\":{\"@type\":\"ImageObject\",\"inLanguage\":\"tr\",\"@id\":\"https:\\\/\\\/jsvlogistic.com\\\/tr\\\/#\\\/schema\\\/logo\\\/image\\\/\",\"url\":\"https:\\\/\\\/jsvlogistic.com\\\/wp-content\\\/uploads\\\/2025\\\/02\\\/logo.svg\",\"contentUrl\":\"https:\\\/\\\/jsvlogistic.com\\\/wp-content\\\/uploads\\\/2025\\\/02\\\/logo.svg\",\"width\":210,\"height\":105,\"caption\":\"Grupo JSV - Move to Green\"},\"image\":{\"@id\":\"https:\\\/\\\/jsvlogistic.com\\\/tr\\\/#\\\/schema\\\/logo\\\/image\\\/\"}},{\"@type\":\"Person\",\"@id\":\"https:\\\/\\\/jsvlogistic.com\\\/tr\\\/#\\\/schema\\\/person\\\/6b53a8c4956403635c47d4a5abcaea8a\",\"name\":\"Marc Domenech\",\"image\":{\"@type\":\"ImageObject\",\"inLanguage\":\"tr\",\"@id\":\"https:\\\/\\\/secure.gravatar.com\\\/avatar\\\/c5a234e86d6b8bef0e3c8949589736bb249c49670e7799611f859c018c7a9fc8?s=96&d=mm&r=g\",\"url\":\"https:\\\/\\\/secure.gravatar.com\\\/avatar\\\/c5a234e86d6b8bef0e3c8949589736bb249c49670e7799611f859c018c7a9fc8?s=96&d=mm&r=g\",\"contentUrl\":\"https:\\\/\\\/secure.gravatar.com\\\/avatar\\\/c5a234e86d6b8bef0e3c8949589736bb249c49670e7799611f859c018c7a9fc8?s=96&d=mm&r=g\",\"caption\":\"Marc Domenech\"},\"url\":\"https:\\\/\\\/jsvlogistic.com\\\/tr\\\/author\\\/marc\\\/\"}]}<\/script>\n<!-- \/ Yoast SEO plugin. -->","yoast_head_json":{"title":"JSV Grubu ikinci yeni nesil gemisini sat\u0131n ald\u0131","description":"S\u00fcrd\u00fcr\u00fclebilirli\u011fe olan ba\u011fl\u0131l\u0131\u011f\u0131m\u0131z do\u011frultusunda, filomuza ikinci yeni nesil ve d\u00fc\u015f\u00fck emisyonlu gemiyi dahil ettik.","robots":{"index":"noindex","follow":"follow"},"og_locale":"tr_TR","og_type":"article","og_title":"JSV Grubu ikinci yeni nesil gemisini sat\u0131n ald\u0131","og_description":"S\u00fcrd\u00fcr\u00fclebilirli\u011fe olan ba\u011fl\u0131l\u0131\u011f\u0131m\u0131z do\u011frultusunda, filomuza ikinci yeni nesil ve d\u00fc\u015f\u00fck emisyonlu gemiyi dahil ettik.","og_url":"https:\/\/jsvlogistic.com\/tr\/jsv-grubu-ikinci-yeni-nesil-ve-dusuk-emisyonlu-gemisini-satin-aldi\/","og_site_name":"Grupo JSV - Move to Green","article_published_time":"2025-11-13T12:24:15+00:00","article_modified_time":"2025-11-14T09:20:10+00:00","og_image":[{"width":1024,"height":683,"url":"http:\/\/jsvlogistic.com\/wp-content\/uploads\/2025\/11\/MirandaGreen_coloresfondo-1024x683.png","type":"image\/png"}],"author":"Marc Domenech","twitter_card":"summary_large_image","twitter_misc":{"Yazan:":"Marc Domenech","Tahmini okuma s\u00fcresi":"4 dakika"},"schema":{"@context":"https:\/\/schema.org","@graph":[{"@type":"Article","@id":"https:\/\/jsvlogistic.com\/tr\/jsv-grubu-ikinci-yeni-nesil-ve-dusuk-emisyonlu-gemisini-satin-aldi\/#article","isPartOf":{"@id":"https:\/\/jsvlogistic.com\/tr\/jsv-grubu-ikinci-yeni-nesil-ve-dusuk-emisyonlu-gemisini-satin-aldi\/"},"author":{"name":"Marc Domenech","@id":"https:\/\/jsvlogistic.com\/tr\/#\/schema\/person\/6b53a8c4956403635c47d4a5abcaea8a"},"headline":"JSV Grubu, ikinci yeni nesil ve d\u00fc\u015f\u00fck emisyonlu gemisini sat\u0131n ald\u0131","datePublished":"2025-11-13T12:24:15+00:00","dateModified":"2025-11-14T09:20:10+00:00","mainEntityOfPage":{"@id":"https:\/\/jsvlogistic.com\/tr\/jsv-grubu-ikinci-yeni-nesil-ve-dusuk-emisyonlu-gemisini-satin-aldi\/"},"wordCount":800,"publisher":{"@id":"https:\/\/jsvlogistic.com\/tr\/#organization"},"image":{"@id":"https:\/\/jsvlogistic.com\/tr\/jsv-grubu-ikinci-yeni-nesil-ve-dusuk-emisyonlu-gemisini-satin-aldi\/#primaryimage"},"thumbnailUrl":"https:\/\/jsvlogistic.com\/wp-content\/uploads\/2025\/11\/MirandaGreen_coloresfondo.png","articleSection":["Ana sayfa \u00f6ne \u00e7\u0131kanlar","JSV"],"inLanguage":"tr"},{"@type":"WebPage","@id":"https:\/\/jsvlogistic.com\/tr\/jsv-grubu-ikinci-yeni-nesil-ve-dusuk-emisyonlu-gemisini-satin-aldi\/","url":"https:\/\/jsvlogistic.com\/tr\/jsv-grubu-ikinci-yeni-nesil-ve-dusuk-emisyonlu-gemisini-satin-aldi\/","name":"JSV Grubu ikinci yeni nesil gemisini sat\u0131n ald\u0131","isPartOf":{"@id":"https:\/\/jsvlogistic.com\/tr\/#website"},"primaryImageOfPage":{"@id":"https:\/\/jsvlogistic.com\/tr\/jsv-grubu-ikinci-yeni-nesil-ve-dusuk-emisyonlu-gemisini-satin-aldi\/#primaryimage"},"image":{"@id":"https:\/\/jsvlogistic.com\/tr\/jsv-grubu-ikinci-yeni-nesil-ve-dusuk-emisyonlu-gemisini-satin-aldi\/#primaryimage"},"thumbnailUrl":"https:\/\/jsvlogistic.com\/wp-content\/uploads\/2025\/11\/MirandaGreen_coloresfondo.png","datePublished":"2025-11-13T12:24:15+00:00","dateModified":"2025-11-14T09:20:10+00:00","description":"S\u00fcrd\u00fcr\u00fclebilirli\u011fe olan ba\u011fl\u0131l\u0131\u011f\u0131m\u0131z do\u011frultusunda, filomuza ikinci yeni nesil ve d\u00fc\u015f\u00fck emisyonlu gemiyi dahil ettik.","breadcrumb":{"@id":"https:\/\/jsvlogistic.com\/tr\/jsv-grubu-ikinci-yeni-nesil-ve-dusuk-emisyonlu-gemisini-satin-aldi\/#breadcrumb"},"inLanguage":"tr","potentialAction":[{"@type":"ReadAction","target":["https:\/\/jsvlogistic.com\/tr\/jsv-grubu-ikinci-yeni-nesil-ve-dusuk-emisyonlu-gemisini-satin-aldi\/"]}]},{"@type":"ImageObject","inLanguage":"tr","@id":"https:\/\/jsvlogistic.com\/tr\/jsv-grubu-ikinci-yeni-nesil-ve-dusuk-emisyonlu-gemisini-satin-aldi\/#primaryimage","url":"https:\/\/jsvlogistic.com\/wp-content\/uploads\/2025\/11\/MirandaGreen_coloresfondo.png","contentUrl":"https:\/\/jsvlogistic.com\/wp-content\/uploads\/2025\/11\/MirandaGreen_coloresfondo.png","width":1536,"height":1024},{"@type":"BreadcrumbList","@id":"https:\/\/jsvlogistic.com\/tr\/jsv-grubu-ikinci-yeni-nesil-ve-dusuk-emisyonlu-gemisini-satin-aldi\/#breadcrumb","itemListElement":[{"@type":"ListItem","position":1,"name":"Home","item":"https:\/\/jsvlogistic.com\/tr\/"},{"@type":"ListItem","position":2,"name":"JSV Grubu, ikinci yeni nesil ve d\u00fc\u015f\u00fck emisyonlu gemisini sat\u0131n ald\u0131"}]},{"@type":"WebSite","@id":"https:\/\/jsvlogistic.com\/tr\/#website","url":"https:\/\/jsvlogistic.com\/tr\/","name":"Grupo JSV - Move to Green","description":"JSV es el operador log\u00edstico y de transporte multimodal que mejor se adapta a lo que necesitas. Hacemos el servicio puerta a puerta de forma integral, con recursos propios en todas las fases, y te damos siempre la soluci\u00f3n personalizada m\u00e1s eficiente y sostenible.","publisher":{"@id":"https:\/\/jsvlogistic.com\/tr\/#organization"},"potentialAction":[{"@type":"SearchAction","target":{"@type":"EntryPoint","urlTemplate":"https:\/\/jsvlogistic.com\/tr\/?s={search_term_string}"},"query-input":{"@type":"PropertyValueSpecification","valueRequired":true,"valueName":"search_term_string"}}],"inLanguage":"tr"},{"@type":"Organization","@id":"https:\/\/jsvlogistic.com\/tr\/#organization","name":"Grupo JSV - Move to Green","url":"https:\/\/jsvlogistic.com\/tr\/","logo":{"@type":"ImageObject","inLanguage":"tr","@id":"https:\/\/jsvlogistic.com\/tr\/#\/schema\/logo\/image\/","url":"https:\/\/jsvlogistic.com\/wp-content\/uploads\/2025\/02\/logo.svg","contentUrl":"https:\/\/jsvlogistic.com\/wp-content\/uploads\/2025\/02\/logo.svg","width":210,"height":105,"caption":"Grupo JSV - Move to Green"},"image":{"@id":"https:\/\/jsvlogistic.com\/tr\/#\/schema\/logo\/image\/"}},{"@type":"Person","@id":"https:\/\/jsvlogistic.com\/tr\/#\/schema\/person\/6b53a8c4956403635c47d4a5abcaea8a","name":"Marc Domenech","image":{"@type":"ImageObject","inLanguage":"tr","@id":"https:\/\/secure.gravatar.com\/avatar\/c5a234e86d6b8bef0e3c8949589736bb249c49670e7799611f859c018c7a9fc8?s=96&d=mm&r=g","url":"https:\/\/secure.gravatar.com\/avatar\/c5a234e86d6b8bef0e3c8949589736bb249c49670e7799611f859c018c7a9fc8?s=96&d=mm&r=g","contentUrl":"https:\/\/secure.gravatar.com\/avatar\/c5a234e86d6b8bef0e3c8949589736bb249c49670e7799611f859c018c7a9fc8?s=96&d=mm&r=g","caption":"Marc Domenech"},"url":"https:\/\/jsvlogistic.com\/tr\/author\/marc\/"}]}},"_links":{"self":[{"href":"https:\/\/jsvlogistic.com\/tr\/wp-json\/wp\/v2\/posts\/7501","targetHints":{"allow":["GET"]}}],"collection":[{"href":"https:\/\/jsvlogistic.com\/tr\/wp-json\/wp\/v2\/posts"}],"about":[{"href":"https:\/\/jsvlogistic.com\/tr\/wp-json\/wp\/v2\/types\/post"}],"author":[{"embeddable":true,"href":"https:\/\/jsvlogistic.com\/tr\/wp-json\/wp\/v2\/users\/4"}],"replies":[{"embeddable":true,"href":"https:\/\/jsvlogistic.com\/tr\/wp-json\/wp\/v2\/comments?post=7501"}],"version-history":[{"count":1,"href":"https:\/\/jsvlogistic.com\/tr\/wp-json\/wp\/v2\/posts\/7501\/revisions"}],"predecessor-version":[{"id":7502,"href":"https:\/\/jsvlogistic.com\/tr\/wp-json\/wp\/v2\/posts\/7501\/revisions\/7502"}],"wp:featuredmedia":[{"embeddable":true,"href":"https:\/\/jsvlogistic.com\/tr\/wp-json\/wp\/v2\/media\/7578"}],"wp:attachment":[{"href":"https:\/\/jsvlogistic.com\/tr\/wp-json\/wp\/v2\/media?parent=7501"}],"wp:term":[{"taxonomy":"category","embeddable":true,"href":"https:\/\/jsvlogistic.com\/tr\/wp-json\/wp\/v2\/categories?post=7501"},{"taxonomy":"post_tag","embeddable":true,"href":"https:\/\/jsvlogistic.com\/tr\/wp-json\/wp\/v2\/tags?post=7501"}],"curies":[{"name":"wp","href":"https:\/\/api.w.org\/{rel}","templated":true}]}}